{"id":38741,"date":"2019-01-25T14:41:25","date_gmt":"2019-01-25T13:41:25","guid":{"rendered":"https:\/\/www.secumar.com\/?p=38741"},"modified":"2021-09-09T14:45:14","modified_gmt":"2021-09-09T12:45:14","slug":"kunt-u-een-opblaasbaar-reddingvest-in-het-vliegtuig-meenemen","status":"publish","type":"post","link":"https:\/\/www.secumar.com\/nl\/kunt-u-een-opblaasbaar-reddingvest-in-het-vliegtuig-meenemen\/","title":{"rendered":"Kunt u een opblaasbaar reddingvest in het vliegtuig meenemen?"},"content":{"rendered":"<p>Ja, sinds 1 januari 2019 mag iedereen zijn opblaasbare reddingvest meenemen in een vliegtuig. Elke passagier mag vanaf nu een reddingvest voorzien van maximaal twee (2) CO\u2082-patronen en niet meer dan twee reserve CO\u2082-patronen in zijn bagage meenemen. De tot eind 2018 beperkende maatregelen geldend voor CO\u2082-patronen in een reddingvest is opgeheven. Deze verandering is tot stand gekomen in een \u201eDangerous Goods Panel\u201c van de ICAO een organisatie van de UN, en in de ICAO T.I. openbaar gemaakt. Hierdoor is het wereldwijd geregeld. Deze regels zijn overgenomen door de IATA (DGR).<\/p>\n<p><!--more--><\/p>\n<p>&nbsp;<\/p>\n<h3>Wettelijke regels voor het meenemen van een CO<sub>2<\/sub>-patroon in een vliegtuig<\/h3>\n<p>In principe zijn de regels voor het meenemen van een Co2-patroon \u00a0geregeld in de <u><a href=\"http:\/\/www.lba.de\/SharedDocs\/Downloads\/DE\/B\/Rechtsvorschriften\/VO_965_2012.html\">VO(EU) 965\/2012<\/a><\/u> die verwijst naar \u00a0<u><a href=\"http:\/\/www.lba.de\/SharedDocs\/Downloads\/DE\/B\/B32_Gefahrguttransport\/B32_Tabelle%20Teil%208%20ICAO%20T.I..pdf?__blob=publicationFile&amp;v=5\">ICAO Technical Instructions For The Safe Transport of Dangerous Goods by Air (ICAO T.I.)<\/a><\/u> geregeld. Die <u><a href=\"http:\/\/www.lba.de\/SharedDocs\/Downloads\/DE\/B\/B32_Gefahrguttransport\/B32_Tabelle%20Teil%208%20ICAO%20T.I..pdf?__blob=publicationFile&amp;v=5\">ICAO T.I.<\/a><\/u> \u00a0is gepubliceerd bij de International Civil Aviation Organization (ICAO), \u00a0een onderdeel van de UN. Hierin wordt o.a. de maximale hoeveelheid \u201a\u2018gevaarlijke goederen\u2019 vastgelegd, die een passagier of bemanningslid meenemen mag. Deze regels gelden wereldwijd voor alle luchtvaartmaatschappijen.<\/p>\n<p>Voor reddingvesten zijn de hoeveelheid en wijze van transport vast gelegd in de <u><a href=\"http:\/\/www.lba.de\/SharedDocs\/Downloads\/DE\/B\/B32_Gefahrguttransport\/B32_Tabelle%20Teil%208%20ICAO%20T.I..pdf?__blob=publicationFile&amp;v=5\">ICAO T.I. 2017-2018<\/a><\/u> Voor kleine drukhouders \/ druk- cilinders, die in een persoonlijk beschermingsmiddel zoals een opblaasbaar reddingvest zijn verwerkt gelden vanaf nu de volgende regels:<\/p>\n<ul>\n<li>Meenemen is toegestaan;\n<ul>\n<li>In of als bagage<\/li>\n<li>In of als handbagage<\/li>\n<li>Op het eigen lichaam gedragen<\/li>\n<\/ul>\n<\/li>\n<li>De goedkeuring van de luchtvaartmaatschappij is vereist.<\/li>\n<li>De piloot hoeft niet ge\u00efnformeerd te zijn.<\/li>\n<li>\u00a0Beperkingen:\n<ul>\n<li>Niet meer dan \u00e9\u00e9n persoonlijk beschermingsmiddel per persoon;<\/li>\n<li>het persoonlijk beschermingsmiddel moet zodanig verpakt zijn dat een ongewenste activering onmogelijk is;<\/li>\n<li>Met het oog op activering;<\/li>\n<li>Het reddingvest mag niet meer dan twee CO<sub>2<\/sub>-patronen hebben; en<\/li>\n<li>Er mogen niet meer dan 2 reserve-sets CO<sub>2<\/sub>-patronen meegenomen worden.<\/li>\n<\/ul>\n<\/li>\n<\/ul>\n<p>&nbsp;<\/p>\n<h3>IATA<\/h3>\n<p>De internationale Air Transport Association (IATA) is een organisatie waarvan de meeste luchtvaartmaatschappijen deel uit maken.<\/p>\n<p>In de <u>IATA-DGR- <\/u>wordt de hoeveelheid voor vervoer in passagiersvliegtuigen op 1 reddingvest per persoon en maximaal 2 reserve-sets CO<sub>2<\/sub> patronen per persoon. Dit geldt voor ingecheckte bagage of handbagage.<\/p>\n<p>De beschreven volumebeperking van 50 ml geldt niet voor reddingvesten, maar alleen voor andere apparaten. Er is alleen spaken van een \u201ekleine vervangende cilinder\u201c In de IATA regelementen wordt niet gesproken over een vervangingscilinder. Hiervoor geldt tabel 8-1, artikel 18;<u>. <a href=\"http:\/\/www.lba.de\/SharedDocs\/Downloads\/DE\/B\/B32_Gefahrguttransport\/B32_Tabelle%20Teil%208%20ICAO%20T.I..pdf?__blob=publicationFile&amp;v=5\">ICAO T.I. 2017-2018<\/a><\/u>.<\/p>\n<p>&nbsp;<\/p>\n<h3>Nieuwe regels vanaf 1 januari 2019<\/h3>\n<p>De ICAO heeft de nieuwe regels voor passagiers en bemanningsleden van het ICAO T.I. gereorganiseerd en duidelijker geformuleerd. De volumebeperking van 50 ml. (wat gelijk staat aan maximaal 28gr. Co\u00b2) voor Co\u00b2-patronen is vanaf 01-01-2019 voor opblaasbare reddingvesten NIET meer geldig. Hierdoor mogen vanaf 2019 reddingvesten, na registratie, WEL in een vliegtuig vervoerd worden.<\/p>\n<p>Het vervoer voor opblaasbare reddingvesten is hierdoor wereldwijd aanzienlijk vereenvoudigd. In ieder geval is het nu wel toegestaan om een reddingvest met Co\u00b2-patroon, na vooraf melding gemaakt te hebben bij de luchtvaartmaatschappij, mee te nemen.<\/p>\n<p>&nbsp;<\/p>\n<div style=\"border: 2px dotted #f00; padding: 15px;\">\n<p><b>Belangrijke informatie<\/b><\/p>\n<p>Het LBA adviseert tijdens het boeken van uw vlucht bij de luchtvaartmaatschappij melding te maken van uw reddingvest en\/of reserve set Co\u00b2-patroon. De luchtvaarmaatschappij mag dit weigeren, er bestaat geen vervoersplicht.<\/p>\n<p>Meer informatie over dit onderwerp vindt u hier:<\/p>\n<ul>\n<li><a href=\"http:\/\/www.lba.de\/SharedDocs\/Downloads\/DE\/B\/B32_Gefahrguttransport\/B32_Tabelle Teil 8 ICAO T.I..pdf?__blob=publicationFile&amp;v=5\" target=\"_blank\" rel=\"noopener noreferrer\">ICAO T.I. 2017-2018,\u00a0Tabelle 8-1<\/a>: Artikel 18<\/li>\n<li><a href=\"https:\/\/www.icao.int\/safety\/DangerousGoods\/DGP26\/DGP.26.WP.054.FinalReport.en.pdf\">ICAO DGP<\/a> Final Report des ICAO Dangerous Goods Panels: Zie pagina144, Punt 12<\/li>\n<\/ul>\n<\/div>\n<p>&nbsp;<\/p>\n<h3>Verantwoordelijkheid bij de luchtvaarmaatschappij en de piloot<\/h3>\n<p>Uiteindelijk beslist de luchtvaartmaatschappij en als laatste de piloot of uw reddingvest meegenomen mag worden. Afhankelijk van waarvandaan en wanneer u vliegt kan er b.v. bij een verhoogt terrorisme gevaar een verbod om mee name van reddingvesten of Co\u00b2-patronen worden uitgevaardigd. Eventueel nog door de politie.<\/p>\n<p>&nbsp;<\/p>\n<h3>Het gevaar van een automatisch opblaasbaar reddingvest?<\/h3>\n<p>Eigenlijk bestaat er geen gevaar voor het vliegtuig, de bemanning of de passagiers. Ook niet indien er een 275Newton reddingvest met een 60gr. Co\u00b2-patroon vervoerd wordt. Zowel de Co\u00b2 als de grootte van de cilinder zijn geen probleem. Zelf wanneer er een, zeer onwaarschijnlijke, spontane activering in een koffer plaats vindt. Dan is het grootste probleem dat de deksel van de koffer omhoogkomt en vermoedelijk de koffer beschadigd. Meer niet.<\/p>\n<p>Bovendien dient te worden opgemerkt dat de ICAO-TI het meenemen van een lawine rugzak ook toestaat. Deze rugzakken zijn uitgerust met een aanzienlijk grotere cilinder. Bovendien bevat een lawine rugzak een pyrotechnisch (klein explosief) ontstekingssysteem.<\/p>\n<p>&nbsp;<\/p>\n<h3>Hoe kunt u dit het beste aanpakken?<\/h3>\n<p>Volgens de ICAO T.I. en de regelementen van de IATA DGR is goedkeuring van de luchtvaartmaatschappij vereist voor vervoer van reddingvesten. Om vooraf al zoveel mogelijk obstakels uit de weg te ruimen neem vooraf contact op met uw luchtvaartmaatschappij en verwijs naar de wens voor het dragen of vervoeren van een reddingvest. Vervolgens kan de goedkeuring van de luchtvaartmaatschappij op uw ticket meegenomen worden. Bij vertrek worden meestal worden alle discussies omtrent het vervoer van uw reddingvest gestaakt wanneer er een vermelding door de luchtvaartmaatschappij op uw ticket is aangebracht. In individuele gevallen kan u worden gevraagd uw bagage bij het bagage bureau af te geven voor extra controle voor r\u00f6ntgen.<\/p>\n<p>Ons advies luid: Uw reddingvest en CO<sub>2<\/sub>-patroon vooraf aan te melden, en in uw ingecheckte bagage te vervoeren. Voeg, maximaal 1 reserve-set toe. Indien uw bagage gecontroleerd wordt is direct duidelijk dat deze set bij uw reddingvest hoort.<\/p>\n<p>Het meenemen in uw handbagage mag maar blijft lastig, aangezien u op elk vliegveld langs een veiligheidsmedewerker moet. Indien deze niet de kennis heeft over reddingvesten en CO<sub>2<\/sub>-patronen ontstaat er discussie en gaat er kostbare tijd verloren.<\/p>\n<p>Ons advies is om het reddingvest in de ruimbagage mee te nemen.<\/p>\n<p>&nbsp;<\/p>\n<h3>Verdere informatie<\/h3>\n<ul>\n<li><a href=\"http:\/\/www.lba.de\/SharedDocs\/Downloads\/DE\/B\/B32_Gefahrguttransport\/B32_Tabelle Teil 8 ICAO T.I..pdf?__blob=publicationFile&amp;v=5\">ICAO T.I. 2017-2018, Tabelle 8-1: Bestimmungen bez\u00fcglich gef\u00e4hrlicher G\u00fcter, die von Passagieren oder Besatzungsmitgliedern mitgef\u00fchrt werden<\/a><\/li>\n<li><a href=\"https:\/\/www.iata.org\/whatwedo\/cargo\/dgr\/Documents\/DGR-60-DE-2.3a.pdf\" target=\"_blank\" rel=\"noopener noreferrer\">IATA DGR: Bestimmungen f\u00fcr gef\u00e4hrliche G\u00fcter, die von Passagieren oder Besatzungsmitgliedern mitgef\u00fchrt werden (Unterabschnitt 2.3)<\/a><\/li>\n<li><a href=\"http:\/\/www.lba.de\/SharedDocs\/Downloads\/DE\/B\/Rechtsvorschriften\/VO_965_2012.html\" target=\"_blank\" rel=\"noopener noreferrer\">VO (EU) 965\/2012: Festlegung technischer Vorschriften und Verwaltungsverfahren in Bezug auf den Flugbetrieb<\/a><\/li>\n<li><a href=\"https:\/\/www.icao.int\/publications\/pages\/publication.aspx?docnum=9284\" target=\"_blank\" rel=\"noopener noreferrer\">ICAO Guidance Document Doc 9284 &#8211; Infectious Substances. International Civil Aviation Organization Technical Instructions for the Safe Transport of Dangerous Good by Air, 2005-2006<\/a><\/li>\n<li><a href=\"https:\/\/www.lba.de\/DE\/Betrieb\/Gefahrguttranssport\/Passagierinformation\/Passagiergepaeck\/Passagiergepaeck_node.html\" target=\"_blank\" rel=\"noopener noreferrer\">LBA Gefahrgutinformationen f\u00fcr Passagiere &#8211; Luftfahrt Bundesamt<\/a><\/li>\n<\/ul>\n<p>&nbsp;<\/p>\n<h3>Meer vragen<\/h3>\n<p>Wenn wir Sie dar\u00fcber hinaus Fragen haben, melden Sie sich bitte telefonisch bei uns. Wir werden versuchen, Sie im Vorwege einer Flugreise bestm\u00f6glich zu beraten.<\/p>\n<p>Tel.: <a href=\"tel:+31332865088\">0332865088<\/a><\/p>\n<p><a href=\"https:\/\/www.secumar.com\/nl\/contact\/\">Kontakt per E-Mail<\/a><\/p>\n<p>&nbsp;<\/p>\n<p>&nbsp;<\/p>\n","protected":false},"excerpt":{"rendered":"<p>Ja, sinds 1 januari 2019 mag iedereen zijn opblaasbare reddingvest meenemen in een vliegtuig. Elke passagier mag vanaf nu een reddingvest voorzien van maximaal twee (2) CO\u2082-patronen en niet meer dan twee reserve CO\u2082-patronen in zijn bagage meenemen. De tot eind 2018 beperkende maatregelen geldend voor CO\u2082-patronen in een reddingvest is opgeheven. Deze verandering is [&hellip;]<\/p>\n","protected":false},"author":5,"featured_media":24617,"comment_status":"open","ping_status":"open","sticky":false,"template":"","format":"standard","meta":{"_acf_changed":false,"_searchwp_excluded":"","editor_plus_copied_stylings":"{}","footnotes":"","_links_to":"","_links_to_target":""},"categories":[1625,2527],"tags":[],"class_list":["post-38741","post","type-post","status-publish","format-standard","has-post-thumbnail","hentry","category-news-nl","category-producten-informatie"],"acf":[],"yoast_head":"<!-- This site is optimized with the Yoast SEO plugin v24.6 - https:\/\/yoast.com\/wordpress\/plugins\/seo\/ -->\n<title>Kunt u een opblaasbaar reddingvest in het vliegtuig meenemen? - SECUMAR<\/title>\n<meta name=\"description\" content=\"Kunt u een opblaasbaar reddingvest in het vliegtuig meenemen? Ja, sinds 1 januari 2019 mag iedereen zijn opblaasbare reddingvest meenemen in een vliegtuig.\" \/>\n<meta name=\"robots\" content=\"index, follow, max-snippet:-1, max-image-preview:large, max-video-preview:-1\" \/>\n<link rel=\"canonical\" href=\"https:\/\/www.secumar.com\/nl\/kunt-u-een-opblaasbaar-reddingvest-in-het-vliegtuig-meenemen\/\" \/>\n<meta property=\"og:locale\" content=\"nl_NL\" \/>\n<meta property=\"og:type\" content=\"article\" \/>\n<meta property=\"og:title\" content=\"Kunt u een opblaasbaar reddingvest in het vliegtuig meenemen? - SECUMAR\" \/>\n<meta property=\"og:description\" content=\"Kunt u een opblaasbaar reddingvest in het vliegtuig meenemen? Ja, sinds 1 januari 2019 mag iedereen zijn opblaasbare reddingvest meenemen in een vliegtuig.\" \/>\n<meta property=\"og:url\" content=\"https:\/\/www.secumar.com\/nl\/kunt-u-een-opblaasbaar-reddingvest-in-het-vliegtuig-meenemen\/\" \/>\n<meta property=\"og:site_name\" content=\"SECUMAR\" \/>\n<meta property=\"article:publisher\" content=\"https:\/\/www.facebook.com\/Secumar\/\" \/>\n<meta property=\"article:published_time\" content=\"2019-01-25T13:41:25+00:00\" \/>\n<meta property=\"article:modified_time\" content=\"2021-09-09T12:45:14+00:00\" \/>\n<meta property=\"og:image\" content=\"https:\/\/www.secumar.com\/wp-content\/uploads\/2014\/12\/Flugzeug.jpg\" \/>\n\t<meta property=\"og:image:width\" content=\"1140\" \/>\n\t<meta property=\"og:image:height\" content=\"400\" \/>\n\t<meta property=\"og:image:type\" content=\"image\/jpeg\" \/>\n<meta name=\"author\" content=\"Benjamin Bernhardt\" \/>\n<meta name=\"twitter:card\" content=\"summary_large_image\" \/>\n<meta name=\"twitter:label1\" content=\"Geschreven door\" \/>\n\t<meta name=\"twitter:data1\" content=\"Benjamin Bernhardt\" \/>\n\t<meta name=\"twitter:label2\" content=\"Geschatte leestijd\" \/>\n\t<meta name=\"twitter:data2\" content=\"5 minuten\" \/>\n<script type=\"application\/ld+json\" class=\"yoast-schema-graph\">{\"@context\":\"https:\/\/schema.org\",\"@graph\":[{\"@type\":\"Article\",\"@id\":\"https:\/\/www.secumar.com\/nl\/kunt-u-een-opblaasbaar-reddingvest-in-het-vliegtuig-meenemen\/#article\",\"isPartOf\":{\"@id\":\"https:\/\/www.secumar.com\/nl\/kunt-u-een-opblaasbaar-reddingvest-in-het-vliegtuig-meenemen\/\"},\"author\":{\"name\":\"Benjamin Bernhardt\",\"@id\":\"https:\/\/www.secumar.com\/#\/schema\/person\/fdd01a2da1e24bc6cbc66f7bf40812b0\"},\"headline\":\"Kunt u een opblaasbaar reddingvest in het vliegtuig meenemen?\",\"datePublished\":\"2019-01-25T13:41:25+00:00\",\"dateModified\":\"2021-09-09T12:45:14+00:00\",\"mainEntityOfPage\":{\"@id\":\"https:\/\/www.secumar.com\/nl\/kunt-u-een-opblaasbaar-reddingvest-in-het-vliegtuig-meenemen\/\"},\"wordCount\":1056,\"commentCount\":0,\"publisher\":{\"@id\":\"https:\/\/www.secumar.com\/#organization\"},\"image\":{\"@id\":\"https:\/\/www.secumar.com\/nl\/kunt-u-een-opblaasbaar-reddingvest-in-het-vliegtuig-meenemen\/#primaryimage\"},\"thumbnailUrl\":\"https:\/\/www.secumar.com\/wp-content\/uploads\/2014\/12\/Flugzeug.jpg\",\"articleSection\":[\"News\",\"Producten Informatie\"],\"inLanguage\":\"nl-NL\",\"potentialAction\":[{\"@type\":\"CommentAction\",\"name\":\"Comment\",\"target\":[\"https:\/\/www.secumar.com\/nl\/kunt-u-een-opblaasbaar-reddingvest-in-het-vliegtuig-meenemen\/#respond\"]}]},{\"@type\":\"WebPage\",\"@id\":\"https:\/\/www.secumar.com\/nl\/kunt-u-een-opblaasbaar-reddingvest-in-het-vliegtuig-meenemen\/\",\"url\":\"https:\/\/www.secumar.com\/nl\/kunt-u-een-opblaasbaar-reddingvest-in-het-vliegtuig-meenemen\/\",\"name\":\"Kunt u een opblaasbaar reddingvest in het vliegtuig meenemen? - SECUMAR\",\"isPartOf\":{\"@id\":\"https:\/\/www.secumar.com\/#website\"},\"primaryImageOfPage\":{\"@id\":\"https:\/\/www.secumar.com\/nl\/kunt-u-een-opblaasbaar-reddingvest-in-het-vliegtuig-meenemen\/#primaryimage\"},\"image\":{\"@id\":\"https:\/\/www.secumar.com\/nl\/kunt-u-een-opblaasbaar-reddingvest-in-het-vliegtuig-meenemen\/#primaryimage\"},\"thumbnailUrl\":\"https:\/\/www.secumar.com\/wp-content\/uploads\/2014\/12\/Flugzeug.jpg\",\"datePublished\":\"2019-01-25T13:41:25+00:00\",\"dateModified\":\"2021-09-09T12:45:14+00:00\",\"description\":\"Kunt u een opblaasbaar reddingvest in het vliegtuig meenemen? Ja, sinds 1 januari 2019 mag iedereen zijn opblaasbare reddingvest meenemen in een vliegtuig.\",\"breadcrumb\":{\"@id\":\"https:\/\/www.secumar.com\/nl\/kunt-u-een-opblaasbaar-reddingvest-in-het-vliegtuig-meenemen\/#breadcrumb\"},\"inLanguage\":\"nl-NL\",\"potentialAction\":[{\"@type\":\"ReadAction\",\"target\":[\"https:\/\/www.secumar.com\/nl\/kunt-u-een-opblaasbaar-reddingvest-in-het-vliegtuig-meenemen\/\"]}]},{\"@type\":\"ImageObject\",\"inLanguage\":\"nl-NL\",\"@id\":\"https:\/\/www.secumar.com\/nl\/kunt-u-een-opblaasbaar-reddingvest-in-het-vliegtuig-meenemen\/#primaryimage\",\"url\":\"https:\/\/www.secumar.com\/wp-content\/uploads\/2014\/12\/Flugzeug.jpg\",\"contentUrl\":\"https:\/\/www.secumar.com\/wp-content\/uploads\/2014\/12\/Flugzeug.jpg\",\"width\":1140,\"height\":400},{\"@type\":\"BreadcrumbList\",\"@id\":\"https:\/\/www.secumar.com\/nl\/kunt-u-een-opblaasbaar-reddingvest-in-het-vliegtuig-meenemen\/#breadcrumb\",\"itemListElement\":[{\"@type\":\"ListItem\",\"position\":1,\"name\":\"Startseite\",\"item\":\"https:\/\/www.secumar.com\/nl\/\"},{\"@type\":\"ListItem\",\"position\":2,\"name\":\"Kunt u een opblaasbaar reddingvest in het vliegtuig meenemen?\"}]},{\"@type\":\"WebSite\",\"@id\":\"https:\/\/www.secumar.com\/#website\",\"url\":\"https:\/\/www.secumar.com\/\",\"name\":\"SECUMAR\",\"description\":\"Reddingvesten | Lifejackets\",\"publisher\":{\"@id\":\"https:\/\/www.secumar.com\/#organization\"},\"potentialAction\":[{\"@type\":\"SearchAction\",\"target\":{\"@type\":\"EntryPoint\",\"urlTemplate\":\"https:\/\/www.secumar.com\/?s={search_term_string}\"},\"query-input\":{\"@type\":\"PropertyValueSpecification\",\"valueRequired\":true,\"valueName\":\"search_term_string\"}}],\"inLanguage\":\"nl-NL\"},{\"@type\":\"Organization\",\"@id\":\"https:\/\/www.secumar.com\/#organization\",\"name\":\"Bernhardt Apparatebau GmbH u. Co.\",\"url\":\"https:\/\/www.secumar.com\/\",\"logo\":{\"@type\":\"ImageObject\",\"inLanguage\":\"nl-NL\",\"@id\":\"https:\/\/www.secumar.com\/#\/schema\/logo\/image\/\",\"url\":\"https:\/\/www.secumar.com\/wp-content\/uploads\/2016\/09\/S-Logo_150px-3.jpg\",\"contentUrl\":\"https:\/\/www.secumar.com\/wp-content\/uploads\/2016\/09\/S-Logo_150px-3.jpg\",\"width\":150,\"height\":150,\"caption\":\"Bernhardt Apparatebau GmbH u. Co.\"},\"image\":{\"@id\":\"https:\/\/www.secumar.com\/#\/schema\/logo\/image\/\"},\"sameAs\":[\"https:\/\/www.facebook.com\/Secumar\/\",\"https:\/\/www.instagram.com\/secumar\/\",\"https:\/\/www.linkedin.com\/company-beta\/8684519\/\",\"https:\/\/www.youtube.com\/user\/BernhardtApparatebau\",\"https:\/\/de.wikipedia.org\/wiki\/Secumar\"]},{\"@type\":\"Person\",\"@id\":\"https:\/\/www.secumar.com\/#\/schema\/person\/fdd01a2da1e24bc6cbc66f7bf40812b0\",\"name\":\"Benjamin Bernhardt\"}]}<\/script>\n<!-- \/ Yoast SEO plugin. -->","yoast_head_json":{"title":"Kunt u een opblaasbaar reddingvest in het vliegtuig meenemen? - SECUMAR","description":"Kunt u een opblaasbaar reddingvest in het vliegtuig meenemen? Ja, sinds 1 januari 2019 mag iedereen zijn opblaasbare reddingvest meenemen in een vliegtuig.","robots":{"index":"index","follow":"follow","max-snippet":"max-snippet:-1","max-image-preview":"max-image-preview:large","max-video-preview":"max-video-preview:-1"},"canonical":"https:\/\/www.secumar.com\/nl\/kunt-u-een-opblaasbaar-reddingvest-in-het-vliegtuig-meenemen\/","og_locale":"nl_NL","og_type":"article","og_title":"Kunt u een opblaasbaar reddingvest in het vliegtuig meenemen? - SECUMAR","og_description":"Kunt u een opblaasbaar reddingvest in het vliegtuig meenemen? Ja, sinds 1 januari 2019 mag iedereen zijn opblaasbare reddingvest meenemen in een vliegtuig.","og_url":"https:\/\/www.secumar.com\/nl\/kunt-u-een-opblaasbaar-reddingvest-in-het-vliegtuig-meenemen\/","og_site_name":"SECUMAR","article_publisher":"https:\/\/www.facebook.com\/Secumar\/","article_published_time":"2019-01-25T13:41:25+00:00","article_modified_time":"2021-09-09T12:45:14+00:00","og_image":[{"width":1140,"height":400,"url":"https:\/\/www.secumar.com\/wp-content\/uploads\/2014\/12\/Flugzeug.jpg","type":"image\/jpeg"}],"author":"Benjamin Bernhardt","twitter_card":"summary_large_image","twitter_misc":{"Geschreven door":"Benjamin Bernhardt","Geschatte leestijd":"5 minuten"},"schema":{"@context":"https:\/\/schema.org","@graph":[{"@type":"Article","@id":"https:\/\/www.secumar.com\/nl\/kunt-u-een-opblaasbaar-reddingvest-in-het-vliegtuig-meenemen\/#article","isPartOf":{"@id":"https:\/\/www.secumar.com\/nl\/kunt-u-een-opblaasbaar-reddingvest-in-het-vliegtuig-meenemen\/"},"author":{"name":"Benjamin Bernhardt","@id":"https:\/\/www.secumar.com\/#\/schema\/person\/fdd01a2da1e24bc6cbc66f7bf40812b0"},"headline":"Kunt u een opblaasbaar reddingvest in het vliegtuig meenemen?","datePublished":"2019-01-25T13:41:25+00:00","dateModified":"2021-09-09T12:45:14+00:00","mainEntityOfPage":{"@id":"https:\/\/www.secumar.com\/nl\/kunt-u-een-opblaasbaar-reddingvest-in-het-vliegtuig-meenemen\/"},"wordCount":1056,"commentCount":0,"publisher":{"@id":"https:\/\/www.secumar.com\/#organization"},"image":{"@id":"https:\/\/www.secumar.com\/nl\/kunt-u-een-opblaasbaar-reddingvest-in-het-vliegtuig-meenemen\/#primaryimage"},"thumbnailUrl":"https:\/\/www.secumar.com\/wp-content\/uploads\/2014\/12\/Flugzeug.jpg","articleSection":["News","Producten Informatie"],"inLanguage":"nl-NL","potentialAction":[{"@type":"CommentAction","name":"Comment","target":["https:\/\/www.secumar.com\/nl\/kunt-u-een-opblaasbaar-reddingvest-in-het-vliegtuig-meenemen\/#respond"]}]},{"@type":"WebPage","@id":"https:\/\/www.secumar.com\/nl\/kunt-u-een-opblaasbaar-reddingvest-in-het-vliegtuig-meenemen\/","url":"https:\/\/www.secumar.com\/nl\/kunt-u-een-opblaasbaar-reddingvest-in-het-vliegtuig-meenemen\/","name":"Kunt u een opblaasbaar reddingvest in het vliegtuig meenemen? - SECUMAR","isPartOf":{"@id":"https:\/\/www.secumar.com\/#website"},"primaryImageOfPage":{"@id":"https:\/\/www.secumar.com\/nl\/kunt-u-een-opblaasbaar-reddingvest-in-het-vliegtuig-meenemen\/#primaryimage"},"image":{"@id":"https:\/\/www.secumar.com\/nl\/kunt-u-een-opblaasbaar-reddingvest-in-het-vliegtuig-meenemen\/#primaryimage"},"thumbnailUrl":"https:\/\/www.secumar.com\/wp-content\/uploads\/2014\/12\/Flugzeug.jpg","datePublished":"2019-01-25T13:41:25+00:00","dateModified":"2021-09-09T12:45:14+00:00","description":"Kunt u een opblaasbaar reddingvest in het vliegtuig meenemen? Ja, sinds 1 januari 2019 mag iedereen zijn opblaasbare reddingvest meenemen in een vliegtuig.","breadcrumb":{"@id":"https:\/\/www.secumar.com\/nl\/kunt-u-een-opblaasbaar-reddingvest-in-het-vliegtuig-meenemen\/#breadcrumb"},"inLanguage":"nl-NL","potentialAction":[{"@type":"ReadAction","target":["https:\/\/www.secumar.com\/nl\/kunt-u-een-opblaasbaar-reddingvest-in-het-vliegtuig-meenemen\/"]}]},{"@type":"ImageObject","inLanguage":"nl-NL","@id":"https:\/\/www.secumar.com\/nl\/kunt-u-een-opblaasbaar-reddingvest-in-het-vliegtuig-meenemen\/#primaryimage","url":"https:\/\/www.secumar.com\/wp-content\/uploads\/2014\/12\/Flugzeug.jpg","contentUrl":"https:\/\/www.secumar.com\/wp-content\/uploads\/2014\/12\/Flugzeug.jpg","width":1140,"height":400},{"@type":"BreadcrumbList","@id":"https:\/\/www.secumar.com\/nl\/kunt-u-een-opblaasbaar-reddingvest-in-het-vliegtuig-meenemen\/#breadcrumb","itemListElement":[{"@type":"ListItem","position":1,"name":"Startseite","item":"https:\/\/www.secumar.com\/nl\/"},{"@type":"ListItem","position":2,"name":"Kunt u een opblaasbaar reddingvest in het vliegtuig meenemen?"}]},{"@type":"WebSite","@id":"https:\/\/www.secumar.com\/#website","url":"https:\/\/www.secumar.com\/","name":"SECUMAR","description":"Reddingvesten | Lifejackets","publisher":{"@id":"https:\/\/www.secumar.com\/#organization"},"potentialAction":[{"@type":"SearchAction","target":{"@type":"EntryPoint","urlTemplate":"https:\/\/www.secumar.com\/?s={search_term_string}"},"query-input":{"@type":"PropertyValueSpecification","valueRequired":true,"valueName":"search_term_string"}}],"inLanguage":"nl-NL"},{"@type":"Organization","@id":"https:\/\/www.secumar.com\/#organization","name":"Bernhardt Apparatebau GmbH u. Co.","url":"https:\/\/www.secumar.com\/","logo":{"@type":"ImageObject","inLanguage":"nl-NL","@id":"https:\/\/www.secumar.com\/#\/schema\/logo\/image\/","url":"https:\/\/www.secumar.com\/wp-content\/uploads\/2016\/09\/S-Logo_150px-3.jpg","contentUrl":"https:\/\/www.secumar.com\/wp-content\/uploads\/2016\/09\/S-Logo_150px-3.jpg","width":150,"height":150,"caption":"Bernhardt Apparatebau GmbH u. Co."},"image":{"@id":"https:\/\/www.secumar.com\/#\/schema\/logo\/image\/"},"sameAs":["https:\/\/www.facebook.com\/Secumar\/","https:\/\/www.instagram.com\/secumar\/","https:\/\/www.linkedin.com\/company-beta\/8684519\/","https:\/\/www.youtube.com\/user\/BernhardtApparatebau","https:\/\/de.wikipedia.org\/wiki\/Secumar"]},{"@type":"Person","@id":"https:\/\/www.secumar.com\/#\/schema\/person\/fdd01a2da1e24bc6cbc66f7bf40812b0","name":"Benjamin Bernhardt"}]}},"_links":{"self":[{"href":"https:\/\/www.secumar.com\/nl\/wp-json\/wp\/v2\/posts\/38741","targetHints":{"allow":["GET"]}}],"collection":[{"href":"https:\/\/www.secumar.com\/nl\/wp-json\/wp\/v2\/posts"}],"about":[{"href":"https:\/\/www.secumar.com\/nl\/wp-json\/wp\/v2\/types\/post"}],"author":[{"embeddable":true,"href":"https:\/\/www.secumar.com\/nl\/wp-json\/wp\/v2\/users\/5"}],"replies":[{"embeddable":true,"href":"https:\/\/www.secumar.com\/nl\/wp-json\/wp\/v2\/comments?post=38741"}],"version-history":[{"count":2,"href":"https:\/\/www.secumar.com\/nl\/wp-json\/wp\/v2\/posts\/38741\/revisions"}],"predecessor-version":[{"id":45920,"href":"https:\/\/www.secumar.com\/nl\/wp-json\/wp\/v2\/posts\/38741\/revisions\/45920"}],"wp:featuredmedia":[{"embeddable":true,"href":"https:\/\/www.secumar.com\/nl\/wp-json\/wp\/v2\/media\/24617"}],"wp:attachment":[{"href":"https:\/\/www.secumar.com\/nl\/wp-json\/wp\/v2\/media?parent=38741"}],"wp:term":[{"taxonomy":"category","embeddable":true,"href":"https:\/\/www.secumar.com\/nl\/wp-json\/wp\/v2\/categories?post=38741"},{"taxonomy":"post_tag","embeddable":true,"href":"https:\/\/www.secumar.com\/nl\/wp-json\/wp\/v2\/tags?post=38741"}],"curies":[{"name":"wp","href":"https:\/\/api.w.org\/{rel}","templated":true}]}}